{"id":52,"date":"2021-07-22T16:29:38","date_gmt":"2021-07-22T14:29:38","guid":{"rendered":"https:\/\/newblog.colorgate.com\/de\/2021\/07\/22\/2523-nicht-mehr-unterstutzte-gerate-das-x-rite-i1pro\/"},"modified":"2025-12-18T15:28:00","modified_gmt":"2025-12-18T14:28:00","slug":"2523-nicht-mehr-unterstutzte-gerate-das-x-rite-i1pro","status":"publish","type":"post","link":"https:\/\/blog.colorgate.com\/de\/2523-nicht-mehr-unterstutzte-gerate-das-x-rite-i1pro\/","title":{"rendered":"Nicht mehr unterst\u00fctzte Ger\u00e4te: Das X-Rite i1Pro"},"content":{"rendered":"\n<div id=\"block-ccb8b3a2-5fa8-438d-846f-29a82532f116\" class=\"wp-block-image\">\n<figure class=\"aligncenter\"><\/figure>\n<\/div>\n\n\n\n<p id=\"block-65041330-8ba1-4cb6-a536-f010566261c3\">Wie bereits in den Release Notes zu unserer aktuellen Version beschrieben, wird das X-Rite i1Pro nicht mehr unterst\u00fctzt.<\/p>\n\n\n\n<p id=\"block-7bb9aaad-e277-487f-8c95-b96a833ddb95\">Leider kommt es hier offenbar zu Missverst\u00e4ndnissen, da das X-Rite i1Pro2 auf dem Typenschild und dem Aufdruck auf der Oberseite ebenfalls als i1Pro ausgewiesen wird. Bei dem nicht mehr unterst\u00fctzen Ger\u00e4t handelt es sich um das \u00e4ltere i1 Pro, das auch vom Hersteller seit l\u00e4ngerer Zeit nicht mehr unterst\u00fctzt wird. Das aktuellere i1Pro2 wird selbstverst\u00e4ndlich weiterhin unterst\u00fctzt.<\/p>\n\n\n\n<!--more-->\n\n\n\n<p id=\"block-4f19ef32-8921-463f-beb1-91569f08180f\">Sie sind nicht sicher, welche Version des i1Pro sie verwenden? Die Ger\u00e4te lassen sich leicht unterscheiden: Das \u00e4ltere i1Pro besitzt abgerundete Formen und ist meistens grau.<\/p>\n\n\n\n<div id=\"block-ad4942fb-9d31-4ac8-88fa-a3980c47fe39\" class=\"wp-block-image\">\n<figure class=\"aligncenter\"><img decoding=\"async\" src=\"https:\/\/25002438.fs1.hubspotusercontent-eu1.net\/hubfs\/25002438\/Imported_Blog_Media\/IMG_0315-634x306-2.jpg\" alt=\"This image has an empty alt attribute; its file name is IMG_0315-634x306.jpg\" width=\"1061\" style=\"width: 1061px;\"><figcaption>Wird seit Version 21 nicht mehr unterst\u00fctzt: das X-Rite i1Pro<\/figcaption><\/figure>\n<\/div>\n\n\n\n<p id=\"block-35005de3-c7d3-46a9-86d1-9b8d48ba0874\">Das neuere i1Pro2 ist schwarz und hat an der Seite einen breiten silbernen Streifen.<\/p>\n\n\n\n<div id=\"block-1797854a-93da-46cb-85df-3c026be4e135\" class=\"wp-block-image\">\n<figure class=\"aligncenter\"><img decoding=\"async\" src=\"https:\/\/25002438.fs1.hubspotusercontent-eu1.net\/hubfs\/25002438\/Imported_Blog_Media\/IMG_0314-634x255-2.jpg\" alt=\"This image has an empty alt attribute; its file name is IMG_0314-634x255.jpg\" width=\"1061\" style=\"width: 1061px;\"><p><\/p>\n<figcaption>Weiterhin unterst\u00fctzt: das X-Rite i1Pro2<\/figcaption>\n<\/figure>\n<\/div>\n\n\n\n<p id=\"block-aca7c30b-b2b7-42c8-bae2-850439f8f9a5\">Alle unterst\u00fctzten Ger\u00e4te finden Sie au\u00dferdem <a href=\"https:\/\/www.colorgate.com\/de\/service-support\/ressourcen\/unterstuetzte-geraete\/farbmessgeraete\/\">hier<\/a>.<\/p>\n","protected":false},"excerpt":{"rendered":"<p>Wie bereits in den Release Notes zu unserer aktuellen Version beschrieben, wird das X-Rite i1Pro nicht mehr unterst\u00fctzt.<\/p>\n","protected":false},"author":3,"featured_media":350,"comment_status":"closed","ping_status":"open","sticky":false,"template":"","format":"standard","meta":{"footnotes":""},"categories":[1],"tags":[54,76,34,77],"class_list":["post-52","post","type-post","status-publish","format-standard","has-post-thumbnail","hentry","category-allgemein","tag-messgeraete","tag-treiber","tag-version-21","tag-x-rite"],"_links":{"self":[{"href":"https:\/\/blog.colorgate.com\/de\/wp-json\/wp\/v2\/posts\/52","targetHints":{"allow":["GET"]}}],"collection":[{"href":"https:\/\/blog.colorgate.com\/de\/wp-json\/wp\/v2\/posts"}],"about":[{"href":"https:\/\/blog.colorgate.com\/de\/wp-json\/wp\/v2\/types\/post"}],"author":[{"embeddable":true,"href":"https:\/\/blog.colorgate.com\/de\/wp-json\/wp\/v2\/users\/3"}],"replies":[{"embeddable":true,"href":"https:\/\/blog.colorgate.com\/de\/wp-json\/wp\/v2\/comments?post=52"}],"version-history":[{"count":1,"href":"https:\/\/blog.colorgate.com\/de\/wp-json\/wp\/v2\/posts\/52\/revisions"}],"predecessor-version":[{"id":351,"href":"https:\/\/blog.colorgate.com\/de\/wp-json\/wp\/v2\/posts\/52\/revisions\/351"}],"wp:featuredmedia":[{"embeddable":true,"href":"https:\/\/blog.colorgate.com\/de\/wp-json\/wp\/v2\/media\/350"}],"wp:attachment":[{"href":"https:\/\/blog.colorgate.com\/de\/wp-json\/wp\/v2\/media?parent=52"}],"wp:term":[{"taxonomy":"category","embeddable":true,"href":"https:\/\/blog.colorgate.com\/de\/wp-json\/wp\/v2\/categories?post=52"},{"taxonomy":"post_tag","embeddable":true,"href":"https:\/\/blog.colorgate.com\/de\/wp-json\/wp\/v2\/tags?post=52"}],"curies":[{"name":"wp","href":"https:\/\/api.w.org\/{rel}","templated":true}]}}